{"id":877,"date":"2024-06-07T11:32:09","date_gmt":"2024-06-07T09:32:09","guid":{"rendered":"https:\/\/amelonera.org\/?p=877"},"modified":"2024-06-07T11:32:09","modified_gmt":"2024-06-07T09:32:09","slug":"comunicado-hacemos-melonera","status":"publish","type":"post","link":"https:\/\/amelonera.org\/ara\/2024\/06\/07\/comunicado-hacemos-melonera\/","title":{"rendered":"Comunicado: Hacemos Melonera?"},"content":{"rendered":"<p>El Centro Social Autogestionado A Melonera cumple seis meses desde que abri\u00f3 sus puertas!<\/p>\n<p>Queremos celebrarlo y a la vez hacer valoraci\u00f3n del camino andado.<\/p>\n<p>A Melonera nace de un deseo colectivo expresado en numerosos encuentros y debates que desde<br \/>\nhace a\u00f1os se han venido generando de manera formal en el Viello Arag\u00f3n. Los dos principales y que<br \/>\naglutinaron a mas gente fueron el Capazo y Cosirando.<\/p>\n<p>Varios son los frutos que han madurado de esos encuentros, quiz\u00e1s la mayor\u00eda de forma mas<br \/>\ninmaterial y otros, como A Melonera, como espacio f\u00edsico y permanente.<br \/>\nA Melonera comienza su gestaci\u00f3n a partir del encuentro Cosirando, que tuvo lugar en invierno del<br \/>\n2022 en el Pirenarium de Sabi\u00f1\u00e1nigo donde nos juntamos cerca de setenta personas. Con varios<br \/>\nminiencuentros previos para preparar el evento, all\u00ed se abordaron muchas inquietudes pol\u00edticas y<br \/>\nsociales, una de ellas la necesidad de un espacio f\u00edsico. Tras una lluvia de ideas, un grupo de trabajo<br \/>\nnos animamos a darle continuidad y buscar la manera y el lugar para dar cuerpo al m\u00e1ximo posible<br \/>\nde esas ideas. Siguieron los encuentros espaciados en el tiempo que culminaron en una acampada<br \/>\nbajo el influjo de las perseidas donde abrimos y solucionamos un buen n\u00famero de \u00abmelones\u00bb* .<br \/>\nAcordamos unos Valores, los Fines, la estructura organizativa, los grados de implicaci\u00f3n, los grupos<br \/>\nde trabajo y un \u00f3rgano gestor rotativo que llamamos la Masa Madre y un tiempo despu\u00e9s&#8230; vino el<br \/>\nlocal!<\/p>\n<p>Gracias a las aportaciones iniciales de varios colectivos, pod\u00edamos abrir, pero la pasta es un<br \/>\nlimitante y una preocupaci\u00f3n. La campa\u00f1a de mecenazgo as\u00ed como les socies abonades hasta ahora,<br \/>\nnos han dado tranquilidad para cubrir los gastos de alquiler y comprar el material imprescindible.<br \/>\nCrear la asociaci\u00f3n, pintar, acondicionar, fabricar todo el mobiliario (que todav\u00eda no hemos<br \/>\nacabado) y ya tenemos la madriguera presta a acogernos!<br \/>\nEn estos seis meses ha sido fant\u00e1stica la acogida, y no han sido pocos los eventos: presentaciones de<br \/>\nlibros, documentales, encuentros sobre sexualidad y deseo, defensa del territorio, apoyo a<br \/>\nrefugiadxs y migrantes, al pueblo palestino, comidas, actuaciones, talleres, fiestas,<br \/>\nautoformaciones&#8230; Quedadas fijas para tejer, dibujar, hacer yoga, estudiar, aprender idiomas,<br \/>\ndistribuci\u00f3n para el grupo de consumo y Mincha d&#8217;aqu\u00ed, grabar una radionovela y podcasts de radio<br \/>\nEspiritrompa, curso de DJ&#8217;s con Luna Roja, biblioteca y distri cr\u00edtica, serigraf\u00eda&#8230; y seguro que<br \/>\nmuchas cosas que har\u00edan esta lista mas larga y detallada!<\/p>\n<p>Peeeeeeeeeeroooooo:<\/p>\n<p>Ay, Amigues!<br \/>\nAunque son muchas las actividades que se proponen \u00absolas\u00bb, todo este trabajo narrado est\u00e1 siendo<br \/>\nsostenido y coordinado por no m\u00e1s de diez pesonas, que aunque creemos en esto y ponemos nuestrocuerpo, solas no podemos. Empezamos esto teniendo claro algo: No creemos en el asistencialismo<br \/>\ny no somos gestores culturales. La autogesti\u00f3n necesita de implicaci\u00f3n.<\/p>\n<p>A Melonera es un espacio vivo que creamos entre todes.<\/p>\n<p>Os necesitamos!<\/p>\n<p>Somos conscientes que no siempre es f\u00e1cil acercarse a un grupo nuevo, que se puede ver<br \/>\ncomplicado el implicarse, que pueden surgir miedos y perezas y que el sistema nos roba tiempo<br \/>\npara implicarnos mas all\u00e1 de las necesidades cotidianas. Todes estamos en eso, pero cuantas m\u00e1s<br \/>\nseamos, m\u00e1s liviano va a ser sostener y hacer vivo este sue\u00f1o colectivo. Los cuidados est\u00e1n en la<br \/>\nbase de los acuerdos de A Melonera y cuidarnos queremos.<\/p>\n<p>En el tiempo transcurrido e integrando las cr\u00edticas recibidas, vamos afinando las formas de<br \/>\nparticipaci\u00f3n para que sea mas din\u00e1mico, f\u00e1cil y transparente. Para tener una estructura m\u00e1s<br \/>\nhorizontal, manteniendo los valores que motivaron este proyecto.<\/p>\n<p>Te queremos convocar a una jornada de reuni\u00f3n y celebraci\u00f3n. A una nueva Asamblea<br \/>\npara debatir y abrir mas las puertas para que puedas incorporarte de manera mas activa a A<br \/>\nMelonera.<\/p>\n<p>Ven el s\u00e1bado 18 de junio a las 18horas en el local. Plaza Sta. Ana, 10.<br \/>\nSabi\u00f1anigo.<\/p>","protected":false},"excerpt":{"rendered":"<p>El Centro Social Autogestionado A Melonera cumple seis meses desde que abri\u00f3 sus puertas! Queremos celebrarlo y a la vez hacer valoraci\u00f3n del camino andado. &hellip;<\/p>","protected":false},"author":1,"featured_media":878,"comment_status":"open","ping_status":"open","sticky":false,"template":"","format":"standard","meta":{"footnotes":""},"categories":[11],"tags":[],"class_list":["post-877","post","type-post","status-publish","format-standard","has-post-thumbnail","hentry","category-blog"],"_links":{"self":[{"href":"https:\/\/amelonera.org\/ara\/wp-json\/wp\/v2\/posts\/877","targetHints":{"allow":["GET"]}}],"collection":[{"href":"https:\/\/amelonera.org\/ara\/wp-json\/wp\/v2\/posts"}],"about":[{"href":"https:\/\/amelonera.org\/ara\/wp-json\/wp\/v2\/types\/post"}],"author":[{"embeddable":true,"href":"https:\/\/amelonera.org\/ara\/wp-json\/wp\/v2\/users\/1"}],"replies":[{"embeddable":true,"href":"https:\/\/amelonera.org\/ara\/wp-json\/wp\/v2\/comments?post=877"}],"version-history":[{"count":1,"href":"https:\/\/amelonera.org\/ara\/wp-json\/wp\/v2\/posts\/877\/revisions"}],"predecessor-version":[{"id":879,"href":"https:\/\/amelonera.org\/ara\/wp-json\/wp\/v2\/posts\/877\/revisions\/879"}],"wp:featuredmedia":[{"embeddable":true,"href":"https:\/\/amelonera.org\/ara\/wp-json\/wp\/v2\/media\/878"}],"wp:attachment":[{"href":"https:\/\/amelonera.org\/ara\/wp-json\/wp\/v2\/media?parent=877"}],"wp:term":[{"taxonomy":"category","embeddable":true,"href":"https:\/\/amelonera.org\/ara\/wp-json\/wp\/v2\/categories?post=877"},{"taxonomy":"post_tag","embeddable":true,"href":"https:\/\/amelonera.org\/ara\/wp-json\/wp\/v2\/tags?post=877"}],"curies":[{"name":"wp","href":"https:\/\/api.w.org\/{rel}","templated":true}]}}